{"id":7998,"date":"2023-11-30T07:35:37","date_gmt":"2023-11-30T07:35:37","guid":{"rendered":"https:\/\/sofiabernasconi.com\/?p=7998"},"modified":"2023-12-01T14:41:07","modified_gmt":"2023-12-01T14:41:07","slug":"como-parte-de-la-seleccion-final-del-premio-mavi-uc-en-santiago-video-instalacion-invita-a-explorar-los-limites-de-sofia-bernasconi-2023","status":"publish","type":"post","link":"https:\/\/sofiabernasconi.com\/en\/como-parte-de-la-seleccion-final-del-premio-mavi-uc-en-santiago-video-instalacion-invita-a-explorar-los-limites-de-sofia-bernasconi-2023\/","title":{"rendered":"As part of the final selection for the Mavi UC Award in Santiago, this video installation invites you to explore the limits of Sof\u00eda Bernasconi (2023)."},"content":{"rendered":"<div data-elementor-type=\"wp-post\" data-elementor-id=\"7998\" class=\"elementor elementor-7998\">\n\t\t\t\t\t\t\t\t\t<section class=\"elementor-section elementor-top-section elementor-element elementor-element-6d202914 elementor-section-boxed elementor-section-height-default elementor-section-height-default\" data-id=\"6d202914\" data-element_type=\"section\">\n\t\t\t\t\t\t<div class=\"elementor-container elementor-column-gap-default\">\n\t\t\t\t\t<div class=\"elementor-column elementor-col-100 elementor-top-column elementor-element elementor-element-2461f941\" data-id=\"2461f941\" data-element_type=\"column\">\n\t\t\t<div class=\"elementor-widget-wrap elementor-element-populated\">\n\t\t\t\t\t\t\t\t<div class=\"elementor-element elementor-element-6be1c458 elementor-widget__width-initial elementor-widget elementor-widget-text-editor\" data-id=\"6be1c458\" data-element_type=\"widget\" data-widget_type=\"text-editor.default\">\n\t\t\t\t<div class=\"elementor-widget-container\">\n\t\t\t<style>\/*! elementor - v3.15.0 - 31-07-2023 *\/\n.elementor-widget-text-editor.elementor-drop-cap-view-stacked .elementor-drop-cap{background-color:#69727d;color:#fff}.elementor-widget-text-editor.elementor-drop-cap-view-framed .elementor-drop-cap{color:#69727d;border:3px solid;background-color:transparent}.elementor-widget-text-editor:not(.elementor-drop-cap-view-default) .elementor-drop-cap{margin-top:8px}.elementor-widget-text-editor:not(.elementor-drop-cap-view-default) .elementor-drop-cap-letter{width:1em;height:1em}.elementor-widget-text-editor .elementor-drop-cap{float:left;text-align:center;line-height:1;font-size:50px}.elementor-widget-text-editor .elementor-drop-cap-letter{display:inline-block}<\/style>\t\t\t\t<p><!-- wp:paragraph {\"align\":\"center\"} --><\/p>\n<p dir=\"ltr\" style=\"line-height: 1.38; margin-top: 0pt; margin-bottom: 0pt; text-align: center;\"><span style=\"font-size: 12pt; font-family: Calibri, sans-serif; color: #ffffff; background-color: transparent; font-weight: 400; font-style: normal; font-variant: normal; text-decoration: none; vertical-align: baseline; white-space: pre-wrap;\">Article in Diario El Sur, Chile.<\/span><\/p>\n<p dir=\"ltr\" style=\"line-height: 1.38; margin-top: 0pt; margin-bottom: 0pt;\"><span style=\"font-size: 12pt; font-family: Calibri, sans-serif; color: #ffffff; background-color: transparent; font-weight: 400; font-style: normal; font-variant: normal; text-decoration: none; vertical-align: baseline; white-space: pre-wrap;\">&nbsp;<\/span><\/p>\n<p dir=\"ltr\" style=\"line-height: 1.38; margin-top: 0pt; margin-bottom: 0pt;\"><span style=\"font-size: 12pt; font-family: Calibri, sans-serif; color: #ffffff; background-color: transparent; font-weight: 400; font-style: normal; font-variant: normal; text-decoration: none; vertical-align: baseline; white-space: pre-wrap;\">Thursday, July 13, 2023<\/span><\/p>\n<p dir=\"ltr\" style=\"line-height: 1.38; margin-top: 0pt; margin-bottom: 0pt;\"><span style=\"font-size: 12pt; font-family: Calibri, sans-serif; color: #ffffff; background-color: transparent; font-weight: 400; font-style: normal; font-variant: normal; text-decoration: none; vertical-align: baseline; white-space: pre-wrap;\">By Nicol\u00e1s Mart\u00ednez Ram\u00edrez.<\/span><\/p>\n<p dir=\"ltr\" style=\"line-height: 1.38; margin-top: 0pt; margin-bottom: 0pt;\"><span style=\"font-size: 12pt; font-family: Calibri, sans-serif; color: #ffffff; background-color: transparent; font-weight: 400; font-style: normal; font-variant: normal; text-decoration: none; vertical-align: baseline; white-space: pre-wrap;\">espectaculo@diarioelsur.cl<\/span><\/p>\n<p dir=\"ltr\" style=\"line-height: 1.38; margin-top: 0pt; margin-bottom: 0pt;\"><span style=\"font-size: 12pt; font-family: Calibri, sans-serif; color: #ffffff; background-color: transparent; font-weight: 400; font-style: normal; font-variant: normal; text-decoration: none; vertical-align: baseline; white-space: pre-wrap;\">&nbsp;<\/span><\/p>\n<p dir=\"ltr\" style=\"line-height: 1.38; margin-top: 0pt; margin-bottom: 0pt;\"><span style=\"font-size: 12pt; font-family: Calibri, sans-serif; color: #ffffff; background-color: transparent; font-weight: 400; font-style: normal; font-variant: normal; text-decoration: none; vertical-align: baseline; white-space: pre-wrap;\">&nbsp;<\/span><\/p>\n<p dir=\"ltr\" style=\"line-height: 1.38; margin-top: 0pt; margin-bottom: 0pt;\"><span style=\"font-size: 12pt; font-family: Calibri, sans-serif; color: #ffffff; background-color: transparent; font-weight: bold; font-style: normal; font-variant: normal; text-decoration: none; vertical-align: baseline; white-space: pre-wrap;\">As part of the final selection for the MAVI UC Award in Santiago<\/span><\/p>\n<p dir=\"ltr\" style=\"line-height: 1.38; margin-top: 0pt; margin-bottom: 0pt;\"><span style=\"font-size: 12pt; font-family: Calibri, sans-serif; color: #ffffff; background-color: transparent; font-weight: 400; font-style: normal; font-variant: normal; text-decoration: none; vertical-align: baseline; white-space: pre-wrap;\">&nbsp;<\/span><\/p>\n<p dir=\"ltr\" style=\"line-height: 1.38; margin-top: 0pt; margin-bottom: 0pt;\"><span style=\"font-size: 18pt; font-family: Calibri, sans-serif; color: #ffffff; background-color: transparent; font-weight: bold; font-style: normal; font-variant: normal; text-decoration: none; vertical-align: baseline; white-space: pre-wrap;\">Video installation invites you to explore the boundaries of Sof\u00eda Bernasconi<\/span><\/p>\n<p dir=\"ltr\" style=\"line-height: 1.38; margin-top: 0pt; margin-bottom: 0pt;\"><span style=\"font-size: 14pt; font-family: Calibri, sans-serif; color: #ffffff; background-color: transparent; font-weight: 400; font-style: normal; font-variant: normal; text-decoration: none; vertical-align: baseline; white-space: pre-wrap;\">The artist from Concepci\u00f3n is the only representative from the region in the exhibition that highlights the talent of young artists throughout Chile.<\/span><\/p>\n<p dir=\"ltr\" style=\"line-height: 1.38; margin-top: 0pt; margin-bottom: 0pt;\"><span style=\"font-size: 18pt; font-family: Calibri, sans-serif; color: #ffffff; background-color: transparent; font-weight: bold; font-style: normal; font-variant: normal; text-decoration: none; vertical-align: baseline; white-space: pre-wrap;\">&nbsp;<\/span><\/p>\n<p dir=\"ltr\" style=\"line-height: 1.38; margin-top: 0pt; margin-bottom: 0pt;\"><span style=\"font-size: 12pt; font-family: Calibri, sans-serif; color: #ffffff; background-color: transparent; font-weight: 400; font-style: normal; font-variant: normal; text-decoration: none; vertical-align: baseline; white-space: pre-wrap;\">&nbsp;<\/span><\/p>\n<p dir=\"ltr\" style=\"line-height: 1.38; margin-top: 0pt; margin-bottom: 0pt;\"><span style=\"font-size: 12pt; font-family: Calibri, sans-serif; color: #ffffff; background-color: transparent; font-weight: 400; font-style: normal; font-variant: normal; text-decoration: none; vertical-align: baseline; white-space: pre-wrap;\">The \"MAVI UC Larra\u00edn Young Art Award\" is one of the most important recognitions for national artists under 35 years old.<\/span><\/p>\n<p dir=\"ltr\" style=\"line-height: 1.38; margin-top: 0pt; margin-bottom: 0pt;\"><span style=\"font-size: 12pt; font-family: Calibri, sans-serif; color: #ffffff; background-color: transparent; font-weight: 400; font-style: normal; font-variant: normal; text-decoration: none; vertical-align: baseline; white-space: pre-wrap;\">That's precisely what attracted Sof\u00eda Bernasconi (29) to apply. Known for being a \"seeker,\" the young visual artist from Concepci\u00f3n was one of the 46 chosen ones - among more than 250 applicants - to be part of the finalist exhibition of the competition.<\/span><\/p>\n<p dir=\"ltr\" style=\"line-height: 1.38; margin-top: 0pt; margin-bottom: 0pt;\"><span style=\"font-size: 12pt; font-family: Calibri, sans-serif; color: #ffffff; background-color: transparent; font-weight: 400; font-style: normal; font-variant: normal; text-decoration: none; vertical-align: baseline; white-space: pre-wrap;\">Characterized by a constant study of the human body from a hybrid, cyborg, transhumanist, or ecotechnical perspective, her work \"Tambi\u00e9n somos una cortina de cordeles\" became the only representative from the Biob\u00edo region in the exhibition.<\/span><\/p>\n<p dir=\"ltr\" style=\"line-height: 1.38; margin-top: 0pt; margin-bottom: 0pt;\"><span style=\"font-size: 12pt; font-family: Calibri, sans-serif; color: #ffffff; background-color: transparent; font-weight: 400; font-style: normal; font-variant: normal; text-decoration: none; vertical-align: baseline; white-space: pre-wrap;\">\"The work I submitted is the only one that was unpublished. Technically, it was the only one I hadn't exhibited due to the pandemic and social unrest. I unpacked my works and went to try my luck in Santiago,\" she commented.<\/span><\/p>\n<p dir=\"ltr\" style=\"line-height: 1.38; margin-top: 0pt; margin-bottom: 0pt;\"><span style=\"font-size: 12pt; font-family: Calibri, sans-serif; color: #ffffff; background-color: transparent; font-weight: 400; font-style: normal; font-variant: normal; text-decoration: none; vertical-align: baseline; white-space: pre-wrap;\">Specifically, this work is a video installation that reflects on the body-technology condition, proposing new ways of understanding the body from a transhumanist perspective, presenting corporeality as a hybrid, volatile, and tensioned framework.<\/span><\/p>\n<p dir=\"ltr\" style=\"line-height: 1.38; margin-top: 0pt; margin-bottom: 0pt;\"><span style=\"font-size: 12pt; font-family: Calibri, sans-serif; color: #ffffff; background-color: transparent; font-weight: 400; font-style: normal; font-variant: normal; text-decoration: none; vertical-align: baseline; white-space: pre-wrap;\">Thus, the body merges into cords through a looped projection that shows a naked corporeality experiencing various emotions.<\/span><\/p>\n<p dir=\"ltr\" style=\"line-height: 1.38; margin-top: 0pt; margin-bottom: 0pt;\"><span style=\"font-size: 12pt; font-family: Calibri, sans-serif; color: #ffffff; background-color: transparent; font-weight: 400; font-style: normal; font-variant: normal; text-decoration: none; vertical-align: baseline; white-space: pre-wrap;\">All accompanied by the sound design of Dayano and the performance of Caterina Riquelme.<\/span><\/p>\n<p dir=\"ltr\" style=\"line-height: 1.38; margin-top: 0pt; margin-bottom: 0pt;\"><span style=\"font-size: 12pt; font-family: Calibri, sans-serif; color: #ffffff; background-color: transparent; font-weight: 400; font-style: normal; font-variant: normal; text-decoration: none; vertical-align: baseline; white-space: pre-wrap;\">&nbsp;<\/span><\/p>\n<p dir=\"ltr\" style=\"line-height: 1.38; margin-top: 0pt; margin-bottom: 0pt;\"><span style=\"font-size: 12pt; font-family: Calibri, sans-serif; color: #ffffff; background-color: transparent; font-weight: 400; font-style: normal; font-variant: normal; text-decoration: none; vertical-align: baseline; white-space: pre-wrap;\">EXPLORATION<\/span><\/p>\n<p dir=\"ltr\" style=\"line-height: 1.38; margin-top: 0pt; margin-bottom: 0pt;\"><span style=\"font-size: 12pt; font-family: Calibri, sans-serif; color: #ffffff; background-color: transparent; font-weight: 400; font-style: normal; font-variant: normal; text-decoration: none; vertical-align: baseline; white-space: pre-wrap;\">Being an old desire of Bernasconi, the award's rules required the presentation of an unpublished work, and being her first video installation, \"Tambi\u00e9n somos una cortina de cordeles\" fulfilled that requirement.<\/span><\/p>\n<p dir=\"ltr\" style=\"line-height: 1.38; margin-top: 0pt; margin-bottom: 0pt;\"><span style=\"font-size: 12pt; font-family: Calibri, sans-serif; color: #ffffff; background-color: transparent; font-weight: 400; font-style: normal; font-variant: normal; text-decoration: none; vertical-align: baseline; white-space: pre-wrap;\">&nbsp;<\/span><\/p>\n<p dir=\"ltr\" style=\"line-height: 1.38; margin-top: 0pt; margin-bottom: 0pt;\"><span style=\"font-size: 12pt; font-family: Calibri, sans-serif; color: #ffffff; background-color: transparent; font-weight: 400; font-style: normal; font-variant: normal; text-decoration: none; vertical-align: baseline; white-space: pre-wrap;\">Starting with pictorial explorations, today, most of her work revolves around audiovisual language.<\/span><\/p>\n<p dir=\"ltr\" style=\"line-height: 1.38; margin-top: 0pt; margin-bottom: 0pt;\"><span style=\"font-size: 12pt; font-family: Calibri, sans-serif; color: #ffffff; background-color: transparent; font-weight: 400; font-style: normal; font-variant: normal; text-decoration: none; vertical-align: baseline; white-space: pre-wrap;\">\"Trying to find some kind of redemption from the human body, finding ourselves in technology. I think that was a triggering thought from these investigations,\" she said regarding the study of the body, a constant in her work.<\/span><\/p>\n<p dir=\"ltr\" style=\"line-height: 1.38; margin-top: 0pt; margin-bottom: 0pt;\"><span style=\"font-size: 12pt; font-family: Calibri, sans-serif; color: #ffffff; background-color: transparent; font-weight: 400; font-style: normal; font-variant: normal; text-decoration: none; vertical-align: baseline; white-space: pre-wrap;\">The video installation was created for about six months in 2019, prior to social unrest and the pandemic. These same situations led it to remain unpublished until today.<\/span><\/p>\n<p dir=\"ltr\" style=\"line-height: 1.38; margin-top: 0pt; margin-bottom: 0pt;\"><span style=\"font-size: 12pt; font-family: Calibri, sans-serif; color: #ffffff; background-color: transparent; font-weight: 400; font-style: normal; font-variant: normal; text-decoration: none; vertical-align: baseline; white-space: pre-wrap;\">According to the also art curator, \"my first explorations were projections on different materials that would reveal the naked body; I always worked with that.\" \"Within this search for a suitable material for the body to imprint but in a translucent way, I found the cords, which seemed suitable to me because it is a walkable curtain. My work is open to touch and to be transformed by whoever interacts with it,\" she added.<\/span><\/p>\n<p dir=\"ltr\" style=\"line-height: 1.38; margin-top: 0pt; margin-bottom: 0pt;\"><span style=\"font-size: 12pt; font-family: Calibri, sans-serif; color: #ffffff; background-color: transparent; font-weight: 400; font-style: normal; font-variant: normal; text-decoration: none; vertical-align: baseline; white-space: pre-wrap;\">&nbsp;<\/span><\/p>\n<p dir=\"ltr\" style=\"line-height: 1.38; margin-left: 36pt; text-indent: -18pt; margin-top: 0pt; margin-bottom: 0pt; padding: 0pt 0pt 0pt 18pt;\"><span style=\"color: #ffffff;\"><span style=\"font-size: 12pt; font-family: Calibri, sans-serif; background-color: transparent; font-weight: 400; font-style: normal; font-variant: normal; text-decoration: none; vertical-align: baseline; white-space: pre-wrap;\">&#8211;<\/span><span style=\"font-size: 7pt; font-family: 'Times New Roman', serif; background-color: transparent; font-weight: 400; font-style: normal; font-variant: normal; text-decoration: none; vertical-align: baseline; white-space: pre-wrap;\"> &nbsp; <\/span> <span style=\"font-size: 12pt; font-family: Calibri, sans-serif; background-color: transparent; font-weight: 400; font-style: normal; font-variant: normal; text-decoration: none; vertical-align: baseline; white-space: pre-wrap;\">Here in Concepci\u00f3n, classic art is more prevalent. How were you drawn to video installation, transhumanism, and all those concepts?<\/span><\/span><\/p>\n<p dir=\"ltr\" style=\"line-height: 1.38; margin-top: 0pt; margin-bottom: 0pt;\"><span style=\"font-size: 12pt; font-family: Calibri, sans-serif; color: #ffffff; background-color: transparent; font-weight: 400; font-style: normal; font-variant: normal; text-decoration: none; vertical-align: baseline; white-space: pre-wrap;\">&nbsp;<\/span><\/p>\n<p dir=\"ltr\" style=\"line-height: 1.38; margin-top: 0pt; margin-bottom: 0pt;\"><span style=\"font-size: 12pt; font-family: Calibri, sans-serif; color: #ffffff; background-color: transparent; font-weight: 400; font-style: normal; font-variant: normal; text-decoration: none; vertical-align: baseline; white-space: pre-wrap;\">I think it all started because I took a video workshop at the university, with Francisco Huichaqueo, and that's when I started getting into the camera. And I said, \"I won't let go of the camera. Everything I do from here on out must be with it.\" I just like to mix things; I don't like purity. I like hybridity in every sense; my reflective thing is the hybridity of the body and how I live, it's the same. It's a personal <\/span><span style=\"background-color: transparent; font-family: Calibri, sans-serif; font-size: 12pt; white-space-collapse: preserve; letter-spacing: 0px;\">way of seeing the world. It's not purely contemplative.<\/span><\/p>\n<p dir=\"ltr\" style=\"line-height: 1.38; margin-top: 0pt; margin-bottom: 0pt;\"><span style=\"font-size: 12pt; font-family: Calibri, sans-serif; color: #ffffff; background-color: transparent; font-weight: 400; font-style: normal; font-variant: normal; text-decoration: none; vertical-align: baseline; white-space: pre-wrap;\">&nbsp;<\/span><\/p>\n<p dir=\"ltr\" style=\"line-height: 1.38; margin-left: 36pt; text-indent: -18pt; margin-top: 0pt; margin-bottom: 0pt; padding: 0pt 0pt 0pt 18pt;\"><span style=\"color: #ffffff;\"><span style=\"font-size: 12pt; font-family: Calibri, sans-serif; background-color: transparent; font-weight: 400; font-style: normal; font-variant: normal; text-decoration: none; vertical-align: baseline; white-space: pre-wrap;\">&#8211;<\/span><span style=\"font-size: 7pt; font-family: 'Times New Roman', serif; background-color: transparent; font-weight: 400; font-style: normal; font-variant: normal; text-decoration: none; vertical-align: baseline; white-space: pre-wrap;\"> &nbsp; <\/span> <span style=\"font-size: 12pt; font-family: Calibri, sans-serif; background-color: transparent; font-weight: 400; font-style: normal; font-variant: normal; text-decoration: none; vertical-align: baseline; white-space: pre-wrap;\">Where does your idea of exploring the human body, nudity, come from?<\/span><\/span><\/p>\n<p dir=\"ltr\" style=\"line-height: 1.38; margin-top: 0pt; margin-bottom: 0pt;\"><span style=\"font-size: 12pt; font-family: Calibri, sans-serif; color: #ffffff; background-color: transparent; font-weight: 400; font-style: normal; font-variant: normal; text-decoration: none; vertical-align: baseline; white-space: pre-wrap;\">&nbsp;<\/span><\/p>\n<p dir=\"ltr\" style=\"line-height: 1.38; margin-top: 0pt; margin-bottom: 0pt;\"><span style=\"font-size: 12pt; font-family: Calibri, sans-serif; color: #ffffff; background-color: transparent; font-weight: 400; font-style: normal; font-variant: normal; text-decoration: none; vertical-align: baseline; white-space: pre-wrap;\">Actually, what I want to play within my work is with the limits of the body. Nudity facing technology is like the most obvious edge; it is organic skin, if we were to talk about a Cartesian or dualistic thought, it would be nature versus the machine. I want to play <\/span><span style=\"letter-spacing: 0px; background-color: transparent; font-size: 12pt; font-family: Calibri, sans-serif; font-variant-numeric: normal; font-variant-east-asian: normal; font-variant-alternates: normal; font-variant-position: normal; vertical-align: baseline; white-space-collapse: preserve;\">with that and face them naked, that seems to be the best way. My work is usually quite brutalist, with cables visible. Just as the body is naked, I also want the machine to be <\/span><span style=\"letter-spacing: 0px; background-color: transparent; font-family: Calibri, sans-serif; font-size: 12pt; white-space-collapse: preserve;\">naked so that they have that encounter, that edge.<\/span><\/p>\n<p dir=\"ltr\" style=\"line-height: 1.38; margin-top: 0pt; margin-bottom: 0pt;\"><span style=\"font-size: 12pt; font-family: Calibri, sans-serif; color: #ffffff; background-color: transparent; font-weight: 400; font-style: normal; font-variant: normal; text-decoration: none; vertical-align: baseline; white-space: pre-wrap;\">&nbsp;<\/span><\/p>\n<p dir=\"ltr\" style=\"line-height: 1.38; margin-left: 36pt; text-indent: -18pt; margin-top: 0pt; margin-bottom: 0pt; padding: 0pt 0pt 0pt 18pt;\"><span style=\"color: #ffffff;\"><span style=\"font-size: 12pt; font-family: Calibri, sans-serif; background-color: transparent; font-weight: 400; font-style: normal; font-variant: normal; text-decoration: none; vertical-align: baseline; white-space: pre-wrap;\">&#8211;<\/span><span style=\"font-size: 7pt; font-family: 'Times New Roman', serif; background-color: transparent; font-weight: 400; font-style: normal; font-variant: normal; text-decoration: none; vertical-align: baseline; white-space: pre-wrap;\"> &nbsp; <\/span> <span style=\"font-size: 12pt; font-family: Calibri, sans-serif; background-color: transparent; font-weight: 400; font-style: normal; font-variant: normal; text-decoration: none; vertical-align: baseline; white-space: pre-wrap;\">How do you see the current state of this type of art in Concepci\u00f3n?<\/span><\/span><\/p>\n<p dir=\"ltr\" style=\"line-height: 1.38; margin-top: 0pt; margin-bottom: 0pt;\"><span style=\"font-size: 12pt; font-family: Calibri, sans-serif; color: #ffffff; background-color: transparent; font-weight: 400; font-style: normal; font-variant: normal; text-decoration: none; vertical-align: baseline; white-space: pre-wrap;\">We lean more towards the classic. I was influenced a lot by reflections, for example, from Plataforma M\u00ednima. Just as they are making those reflections and using technology, also Valentina Villarroel, all of the Teor\u00eda del Universo, or Proyecto Cerca. Concepci\u00f3n is having a boom of this kind of cyborg technology. Although they are not yet being taught in academia, there is a scene emerging.<\/span><\/p>\n<p dir=\"ltr\" style=\"line-height: 1.38; margin-top: 0pt; margin-bottom: 0pt;\"><span style=\"font-size: 12pt; font-family: Calibri, sans-serif; color: #ffffff; background-color: transparent; font-weight: 400; font-style: normal; font-variant: normal; text-decoration: none; vertical-align: baseline; white-space: pre-wrap;\">&nbsp;<\/span><\/p>\n<p dir=\"ltr\" style=\"line-height: 1.38; margin-top: 0pt; margin-bottom: 0pt;\"><span style=\"font-size: 12pt; font-family: Calibri, sans-serif; color: #ffffff; background-color: transparent; font-weight: 400; font-style: normal; font-variant: normal; text-decoration: none; vertical-align: baseline; white-space: pre-wrap;\">The exhibition will be available until September 10 at the MAVI UC Museum, located in the famous Lastarria neighborhood of Santiago.<\/span><\/p>\n<p dir=\"ltr\" style=\"line-height: 1.38; margin-top: 0pt; margin-bottom: 0pt;\"><span style=\"font-size: 12pt; font-family: Calibri, sans-serif; color: #ffffff; background-color: transparent; font-weight: 400; font-style: normal; font-variant: normal; text-decoration: none; vertical-align: baseline; white-space: pre-wrap;\">&nbsp;<\/span><\/p>\n<p dir=\"ltr\" style=\"line-height: 1.38; margin-top: 0pt; margin-bottom: 0pt;\"><span style=\"font-size: 12pt; font-family: Calibri, sans-serif; color: #ffffff; background-color: transparent; font-weight: 400; font-style: normal; font-variant: normal; text-decoration: none; vertical-align: baseline; white-space: pre-wrap;\">*Acknowledgments<\/span><\/p>\n<p dir=\"ltr\" style=\"line-height: 1.38; margin-top: 0pt; margin-bottom: 0pt;\"><span style=\"font-size: 12pt; font-family: Calibri, sans-serif; color: #ffffff; background-color: transparent; font-weight: 400; font-style: normal; font-variant: normal; text-decoration: none; vertical-align: baseline; white-space: pre-wrap;\">&nbsp;<\/span><\/p>\n<p class=\"has-text-align-center\">\n<\/p><p dir=\"ltr\" style=\"line-height: 1.38; margin-top: 0pt; margin-bottom: 0pt;\"><span style=\"font-size: 12pt; font-family: Calibri, sans-serif; color: #ffffff; background-color: transparent; font-weight: 400; font-style: normal; font-variant: normal; text-decoration: none; vertical-align: baseline; white-space: pre-wrap;\">For Bernasconi, it is essential to thank Tom\u00e1s Camposano, Ignacio P\u00e9rez, Gustavo Bustos, \u00d3scar Vargas, and Miguel Mendoza, who helped her with the assembly. Also, her mother, Marienne Le Roy, from whom the idea of the of the cords comes, and to the teacher and artist Leslie Fern\u00e1ndez, who guided her in the creative process.<\/span><\/p>\n<p><!-- \/wp:paragraph --><\/p>\t\t\t\t\t\t<\/div>\n\t\t\t\t<\/div>\n\t\t\t\t\t<\/div>\n\t\t<\/div>\n\t\t\t\t\t\t\t<\/div>\n\t\t<\/section>\n\t\t\t\t\t\t\t<\/div>","protected":false},"excerpt":{"rendered":"<p>Nota en Diario El Sur, Chile. &nbsp; Jueves 13 de julio de 2023 Por Nicol\u00e1s Mart\u00ednez Ram\u00edrez. espectaculo@diarioelsur.cl &nbsp; &nbsp; Como parte de la selecci\u00f3n final del Premio Mavi UC en Santiago &nbsp; Video-instalaci\u00f3n invita a explorar los l\u00edmites de [&hellip;]<\/p>","protected":false},"author":1,"featured_media":7999,"comment_status":"open","ping_status":"open","sticky":false,"template":"","format":"standard","meta":{"footnotes":""},"categories":[80],"tags":[],"class_list":["post-7998","post","type-post","status-publish","format-standard","has-post-thumbnail","hentry","category-cultura"],"_links":{"self":[{"href":"https:\/\/sofiabernasconi.com\/en\/wp-json\/wp\/v2\/posts\/7998","targetHints":{"allow":["GET"]}}],"collection":[{"href":"https:\/\/sofiabernasconi.com\/en\/wp-json\/wp\/v2\/posts"}],"about":[{"href":"https:\/\/sofiabernasconi.com\/en\/wp-json\/wp\/v2\/types\/post"}],"author":[{"embeddable":true,"href":"https:\/\/sofiabernasconi.com\/en\/wp-json\/wp\/v2\/users\/1"}],"replies":[{"embeddable":true,"href":"https:\/\/sofiabernasconi.com\/en\/wp-json\/wp\/v2\/comments?post=7998"}],"version-history":[{"count":17,"href":"https:\/\/sofiabernasconi.com\/en\/wp-json\/wp\/v2\/posts\/7998\/revisions"}],"predecessor-version":[{"id":8125,"href":"https:\/\/sofiabernasconi.com\/en\/wp-json\/wp\/v2\/posts\/7998\/revisions\/8125"}],"wp:featuredmedia":[{"embeddable":true,"href":"https:\/\/sofiabernasconi.com\/en\/wp-json\/wp\/v2\/media\/7999"}],"wp:attachment":[{"href":"https:\/\/sofiabernasconi.com\/en\/wp-json\/wp\/v2\/media?parent=7998"}],"wp:term":[{"taxonomy":"category","embeddable":true,"href":"https:\/\/sofiabernasconi.com\/en\/wp-json\/wp\/v2\/categories?post=7998"},{"taxonomy":"post_tag","embeddable":true,"href":"https:\/\/sofiabernasconi.com\/en\/wp-json\/wp\/v2\/tags?post=7998"}],"curies":[{"name":"wp","href":"https:\/\/api.w.org\/{rel}","templated":true}]}}