{"id":7989,"date":"2023-11-30T07:10:31","date_gmt":"2023-11-30T07:10:31","guid":{"rendered":"https:\/\/sofiabernasconi.com\/?p=7989"},"modified":"2023-11-30T07:51:56","modified_gmt":"2023-11-30T07:51:56","slug":"sofia-bernasconi-ex-estudiante-de-nuestro-departamento-de-artes-plasticas-fue-seleccionada-para-exhibir-su-obra-tambien-somos-una-cortina-de-cordeles-en-la-exposicion-premio-mavi-uc-larrain-v","status":"publish","type":"post","link":"https:\/\/sofiabernasconi.com\/en\/sofia-bernasconi-ex-estudiante-de-nuestro-departamento-de-artes-plasticas-fue-seleccionada-para-exhibir-su-obra-tambien-somos-una-cortina-de-cordeles-en-la-exposicion-premio-mavi-uc-larrain-v\/","title":{"rendered":"Sof\u00eda Bernasconi, a former student of our Department of Fine Arts, was selected to exhibit her work 'Tambi\u00e9n somos una cortina de cordeles' (We are also a curtain of strings) in the 'MAVI UC Larra\u00edn Vidal Young Art Award' exhibition in Santiago (2023)."},"content":{"rendered":"<div data-elementor-type=\"wp-post\" data-elementor-id=\"7989\" class=\"elementor elementor-7989\">\n\t\t\t\t\t\t\t\t\t<section class=\"elementor-section elementor-top-section elementor-element elementor-element-329bc5fc elementor-section-boxed elementor-section-height-default elementor-section-height-default\" data-id=\"329bc5fc\" data-element_type=\"section\">\n\t\t\t\t\t\t<div class=\"elementor-container elementor-column-gap-default\">\n\t\t\t\t\t<div class=\"elementor-column elementor-col-100 elementor-top-column elementor-element elementor-element-23b308a6\" data-id=\"23b308a6\" data-element_type=\"column\">\n\t\t\t<div class=\"elementor-widget-wrap elementor-element-populated\">\n\t\t\t\t\t\t\t\t<div class=\"elementor-element elementor-element-2a31ce21 elementor-widget elementor-widget-text-editor\" data-id=\"2a31ce21\" data-element_type=\"widget\" data-widget_type=\"text-editor.default\">\n\t\t\t\t<div class=\"elementor-widget-container\">\n\t\t\t<style>\/*! elementor - v3.15.0 - 31-07-2023 *\/\n.elementor-widget-text-editor.elementor-drop-cap-view-stacked .elementor-drop-cap{background-color:#69727d;color:#fff}.elementor-widget-text-editor.elementor-drop-cap-view-framed .elementor-drop-cap{color:#69727d;border:3px solid;background-color:transparent}.elementor-widget-text-editor:not(.elementor-drop-cap-view-default) .elementor-drop-cap{margin-top:8px}.elementor-widget-text-editor:not(.elementor-drop-cap-view-default) .elementor-drop-cap-letter{width:1em;height:1em}.elementor-widget-text-editor .elementor-drop-cap{float:left;text-align:center;line-height:1;font-size:50px}.elementor-widget-text-editor .elementor-drop-cap-letter{display:inline-block}<\/style>\t\t\t\t<!-- wp:paragraph {\"align\":\"center\"} -->\n<p>We are pleased to inform you that Sof\u00eda Bernasconi, a former student of our Department of Fine Arts, has been selected to exhibit her work \"Tambi\u00e9n somos una cortina de cordeles\" (We are also a curtain of strings) in the \"MAVI UC Larra\u00edn Vidal Young Art Award\" exhibition in Santiago. Her work, chosen from over 200 submissions, is one of the 46 selected pieces and the sole representative from the Biob\u00edo Region.\n\nThis piece is a video installation that reflects on the body-technology condition, proposing new ways of understanding the body from a transhumanist perspective. It presents corporeality as a hybrid, volatile, and tensioned framework. The work, created in 2019, involved the collaboration of Dayano in sound design and Caterina Riquelme in performance.\u00a0<\/p>\n<p>We congratulate Sof\u00eda for her outstanding participation in this exhibition!<\/p>\n<p class=\"has-text-align-center\"><strong><a href=\"https:\/\/www.instagram.com\/p\/CuaX748t-Ae\/?img_index=6\">LINK TO THE ORIGINAL ARTICLE<\/a><\/strong><\/p>\n<!-- \/wp:paragraph -->\t\t\t\t\t\t<\/div>\n\t\t\t\t<\/div>\n\t\t\t\t\t<\/div>\n\t\t<\/div>\n\t\t\t\t\t\t\t<\/div>\n\t\t<\/section>\n\t\t\t\t\t\t\t<\/div>","protected":false},"excerpt":{"rendered":"<p>Nos alegra contarles que Sof\u00eda Bernasconi, ex estudiante de nuestro Departamento de Artes Pl\u00e1sticas, fue seleccionada para exhibir su obra &#8220;Tambi\u00e9n somos una cortina de cordeles&#8221;, en la exposici\u00f3n &#8220;Premio MAVI UC Larra\u00edn Vidal Arte Joven&#8221;, en Santiago. La obra [&hellip;]<\/p>","protected":false},"author":1,"featured_media":7990,"comment_status":"open","ping_status":"open","sticky":false,"template":"","format":"standard","meta":{"footnotes":""},"categories":[80],"tags":[],"class_list":["post-7989","post","type-post","status-publish","format-standard","has-post-thumbnail","hentry","category-cultura"],"_links":{"self":[{"href":"https:\/\/sofiabernasconi.com\/en\/wp-json\/wp\/v2\/posts\/7989","targetHints":{"allow":["GET"]}}],"collection":[{"href":"https:\/\/sofiabernasconi.com\/en\/wp-json\/wp\/v2\/posts"}],"about":[{"href":"https:\/\/sofiabernasconi.com\/en\/wp-json\/wp\/v2\/types\/post"}],"author":[{"embeddable":true,"href":"https:\/\/sofiabernasconi.com\/en\/wp-json\/wp\/v2\/users\/1"}],"replies":[{"embeddable":true,"href":"https:\/\/sofiabernasconi.com\/en\/wp-json\/wp\/v2\/comments?post=7989"}],"version-history":[{"count":4,"href":"https:\/\/sofiabernasconi.com\/en\/wp-json\/wp\/v2\/posts\/7989\/revisions"}],"predecessor-version":[{"id":8010,"href":"https:\/\/sofiabernasconi.com\/en\/wp-json\/wp\/v2\/posts\/7989\/revisions\/8010"}],"wp:featuredmedia":[{"embeddable":true,"href":"https:\/\/sofiabernasconi.com\/en\/wp-json\/wp\/v2\/media\/7990"}],"wp:attachment":[{"href":"https:\/\/sofiabernasconi.com\/en\/wp-json\/wp\/v2\/media?parent=7989"}],"wp:term":[{"taxonomy":"category","embeddable":true,"href":"https:\/\/sofiabernasconi.com\/en\/wp-json\/wp\/v2\/categories?post=7989"},{"taxonomy":"post_tag","embeddable":true,"href":"https:\/\/sofiabernasconi.com\/en\/wp-json\/wp\/v2\/tags?post=7989"}],"curies":[{"name":"wp","href":"https:\/\/api.w.org\/{rel}","templated":true}]}}