{"id":7984,"date":"2023-11-30T06:44:56","date_gmt":"2023-11-30T06:44:56","guid":{"rendered":"https:\/\/sofiabernasconi.com\/?p=7984"},"modified":"2023-12-01T14:50:26","modified_gmt":"2023-12-01T14:50:26","slug":"nuevas-generaciones-de-artistas-visuales-pinacoteca-udec-2022","status":"publish","type":"post","link":"https:\/\/sofiabernasconi.com\/en\/nuevas-generaciones-de-artistas-visuales-pinacoteca-udec-2022\/","title":{"rendered":"New generations of visual artists \u2013 UdeC Art Gallery (2022)."},"content":{"rendered":"<div data-elementor-type=\"wp-post\" data-elementor-id=\"7984\" class=\"elementor elementor-7984\">\n\t\t\t\t\t\t\t\t\t<section class=\"elementor-section elementor-top-section elementor-element elementor-element-7c67624c elementor-section-boxed elementor-section-height-default elementor-section-height-default\" data-id=\"7c67624c\" data-element_type=\"section\">\n\t\t\t\t\t\t<div class=\"elementor-container elementor-column-gap-default\">\n\t\t\t\t\t<div class=\"elementor-column elementor-col-100 elementor-top-column elementor-element elementor-element-4697c1de\" data-id=\"4697c1de\" data-element_type=\"column\">\n\t\t\t<div class=\"elementor-widget-wrap elementor-element-populated\">\n\t\t\t\t\t\t\t\t<div class=\"elementor-element elementor-element-7e2e040e elementor-widget elementor-widget-text-editor\" data-id=\"7e2e040e\" data-element_type=\"widget\" data-widget_type=\"text-editor.default\">\n\t\t\t\t<div class=\"elementor-widget-container\">\n\t\t\t<style>\/*! elementor - v3.15.0 - 31-07-2023 *\/\n.elementor-widget-text-editor.elementor-drop-cap-view-stacked .elementor-drop-cap{background-color:#69727d;color:#fff}.elementor-widget-text-editor.elementor-drop-cap-view-framed .elementor-drop-cap{color:#69727d;border:3px solid;background-color:transparent}.elementor-widget-text-editor:not(.elementor-drop-cap-view-default) .elementor-drop-cap{margin-top:8px}.elementor-widget-text-editor:not(.elementor-drop-cap-view-default) .elementor-drop-cap-letter{width:1em;height:1em}.elementor-widget-text-editor .elementor-drop-cap{float:left;text-align:center;line-height:1;font-size:50px}.elementor-widget-text-editor .elementor-drop-cap-letter{display:inline-block}<\/style>\t\t\t\t<!-- wp:paragraph -->\n<p>Last week que celebrate the <strong>National Visual Arts Day<\/strong>so we want to introduce some young artists who are creating and working in contemporary visual arts. On this occasion, we appreciate and greet:<br \/><br \/>Sof\u00eda Bernasconi: @sofibernasconi<br \/>Alejandro salidas: @saldisaldisaldisaldi<br \/>Javiera Canales: @javicanalesv <br \/>Iv\u00e1n Maldonado<\/p>\n<!-- \/wp:paragraph -->\t\t\t\t\t\t<\/div>\n\t\t\t\t<\/div>\n\t\t\t\t\t<\/div>\n\t\t<\/div>\n\t\t\t\t\t\t\t<\/div>\n\t\t<\/section>\n\t\t\t\t<section class=\"elementor-section elementor-top-section elementor-element elementor-element-671b745 elementor-section-boxed elementor-section-height-default elementor-section-height-default\" data-id=\"671b745\" data-element_type=\"section\">\n\t\t\t\t\t\t<div class=\"elementor-container elementor-column-gap-default\">\n\t\t\t\t\t<div class=\"elementor-column elementor-col-100 elementor-top-column elementor-element elementor-element-4ba7bf0\" data-id=\"4ba7bf0\" data-element_type=\"column\">\n\t\t\t<div class=\"elementor-widget-wrap elementor-element-populated\">\n\t\t\t\t\t\t\t\t<div class=\"elementor-element elementor-element-c838ef6 elementor-widget elementor-widget-image\" data-id=\"c838ef6\" data-element_type=\"widget\" data-widget_type=\"image.default\">\n\t\t\t\t<div class=\"elementor-widget-container\">\n\t\t\t<style>\/*! elementor - v3.15.0 - 31-07-2023 *\/\n.elementor-widget-image{text-align:center}.elementor-widget-image a{display:inline-block}.elementor-widget-image a img[src$=\".svg\"]{width:48px}.elementor-widget-image img{vertical-align:middle;display:inline-block}<\/style>\t\t\t\t\t\t\t\t\t\t\t\t<img loading=\"lazy\" decoding=\"async\" width=\"768\" height=\"768\" src=\"https:\/\/sofiabernasconi.com\/wp-content\/uploads\/2023\/11\/NUEVAS_GENERACIONES_2022_2-768x768.jpeg\" class=\"attachment-medium_large size-medium_large wp-image-8126\" alt=\"\" srcset=\"https:\/\/sofiabernasconi.com\/wp-content\/uploads\/2023\/11\/NUEVAS_GENERACIONES_2022_2-768x768.jpeg 768w, https:\/\/sofiabernasconi.com\/wp-content\/uploads\/2023\/11\/NUEVAS_GENERACIONES_2022_2-300x300.jpeg 300w, https:\/\/sofiabernasconi.com\/wp-content\/uploads\/2023\/11\/NUEVAS_GENERACIONES_2022_2-1024x1024.jpeg 1024w, https:\/\/sofiabernasconi.com\/wp-content\/uploads\/2023\/11\/NUEVAS_GENERACIONES_2022_2-150x150.jpeg 150w, https:\/\/sofiabernasconi.com\/wp-content\/uploads\/2023\/11\/NUEVAS_GENERACIONES_2022_2-12x12.jpeg 12w, https:\/\/sofiabernasconi.com\/wp-content\/uploads\/2023\/11\/NUEVAS_GENERACIONES_2022_2.jpeg 1080w\" sizes=\"auto, (max-width: 768px) 100vw, 768px\" \/>\t\t\t\t\t\t\t\t\t\t\t\t\t\t\t<\/div>\n\t\t\t\t<\/div>\n\t\t\t\t\t<\/div>\n\t\t<\/div>\n\t\t\t\t\t\t\t<\/div>\n\t\t<\/section>\n\t\t\t\t\t\t\t<\/div>","protected":false},"excerpt":{"rendered":"<p>La semana pasada celebr\u00e1bamos el d\u00eda Nacional de las Artes Visuales, por eso queremos presentar algunos artistas j\u00f3venes que est\u00e1n creando y trabajando en la pl\u00e1stica actual. En esta oportunidad, agradecemos y saludamos a: Sof\u00eda Bernasconi: @sofibernasconiAlejandro salidas: @saldisaldisaldisaldiJaviera Canales: [&hellip;]<\/p>","protected":false},"author":1,"featured_media":7985,"comment_status":"open","ping_status":"open","sticky":false,"template":"","format":"standard","meta":{"footnotes":""},"categories":[80],"tags":[],"class_list":["post-7984","post","type-post","status-publish","format-standard","has-post-thumbnail","hentry","category-cultura"],"_links":{"self":[{"href":"https:\/\/sofiabernasconi.com\/en\/wp-json\/wp\/v2\/posts\/7984","targetHints":{"allow":["GET"]}}],"collection":[{"href":"https:\/\/sofiabernasconi.com\/en\/wp-json\/wp\/v2\/posts"}],"about":[{"href":"https:\/\/sofiabernasconi.com\/en\/wp-json\/wp\/v2\/types\/post"}],"author":[{"embeddable":true,"href":"https:\/\/sofiabernasconi.com\/en\/wp-json\/wp\/v2\/users\/1"}],"replies":[{"embeddable":true,"href":"https:\/\/sofiabernasconi.com\/en\/wp-json\/wp\/v2\/comments?post=7984"}],"version-history":[{"count":11,"href":"https:\/\/sofiabernasconi.com\/en\/wp-json\/wp\/v2\/posts\/7984\/revisions"}],"predecessor-version":[{"id":8129,"href":"https:\/\/sofiabernasconi.com\/en\/wp-json\/wp\/v2\/posts\/7984\/revisions\/8129"}],"wp:featuredmedia":[{"embeddable":true,"href":"https:\/\/sofiabernasconi.com\/en\/wp-json\/wp\/v2\/media\/7985"}],"wp:attachment":[{"href":"https:\/\/sofiabernasconi.com\/en\/wp-json\/wp\/v2\/media?parent=7984"}],"wp:term":[{"taxonomy":"category","embeddable":true,"href":"https:\/\/sofiabernasconi.com\/en\/wp-json\/wp\/v2\/categories?post=7984"},{"taxonomy":"post_tag","embeddable":true,"href":"https:\/\/sofiabernasconi.com\/en\/wp-json\/wp\/v2\/tags?post=7984"}],"curies":[{"name":"wp","href":"https:\/\/api.w.org\/{rel}","templated":true}]}}