{"id":11296,"date":"2025-06-29T23:00:02","date_gmt":"2025-06-29T23:00:02","guid":{"rendered":"https:\/\/sofiabernasconi.com\/?p=11296"},"modified":"2025-06-29T23:02:16","modified_gmt":"2025-06-29T23:02:16","slug":"hibrida-una-experiencia-inmersiva-unica-en-concepcion-que-mezcla-cuerpo-paisaje-y-tecnologia","status":"publish","type":"post","link":"https:\/\/sofiabernasconi.com\/en\/hibrida-una-experiencia-inmersiva-unica-en-concepcion-que-mezcla-cuerpo-paisaje-y-tecnologia\/","title":{"rendered":"&#8220;H\u00cdBRIDA&#8221;: una experiencia inmersiva \u00fanica en Concepci\u00f3n que mezcla cuerpo, paisaje y tecnolog\u00eda &#8211; SABES.CL"},"content":{"rendered":"<p>La artista penquista Sof\u00eda Bernasconi Le Roy presenta su nueva videoinstalaci\u00f3n perform\u00e1tica en Balmaceda Arte Joven Biob\u00edo.<\/p>\n\n\n\n<p><small>Por |&nbsp;mi\u00e9rcoles 25 junio 2025 &#8211; 10:39<\/small><\/p>\n\n\n\n<p>Desde el jueves 26 de junio a las 18:30 hrs, la sede Biob\u00edo de&nbsp;<strong><a href=\"https:\/\/sabes.cl\/tag\/balmaceda-arte-joven\">Balmaceda Arte Joven<\/a><\/strong>&nbsp;(Colo\u2011Colo 1855, Concepci\u00f3n) presentar\u00e1 \u201c<em><strong>H\u00cdBRIDA: cuerpos y tecnolog\u00edas en el icosaedro<\/strong><\/em>\u201d, una experiencia inmersiva que consiste en una videoinstalaci\u00f3n perform\u00e1tica de la artista visual&nbsp;<strong><a href=\"https:\/\/sofiabernasconi.com\/en\/\">Sof\u00eda Bernasconi<\/a><\/strong>, la cual surge como resultado de una residencia en el Centro de Creaci\u00f3n de Concepci\u00f3n (C3).<\/p>\n\n\n\n<p>La obra, financiada por el Fondo Nacional de Desarrollo Cultural y las Artes (FONDART 2023), propone una&nbsp;<strong>experiencia inmersiva y sensorial para explorar los v\u00ednculos<\/strong>&nbsp;entre cuerpo, territorio y tecnolog\u00eda. El proyecto ha sido desarrollado a partir del trabajo colaborativo de un equipo multidisciplinar que integra \u00e1reas como el video, la programaci\u00f3n interactiva, el dise\u00f1o sonoro, la arquitectura y la ingenier\u00eda mec\u00e1nica. A trav\u00e9s de un recorrido interactivo,&nbsp;<strong>el p\u00fablico es invitado a activar im\u00e1genes, sonidos y movimientos, generando un espacio de juego y experimentaci\u00f3n donde cada visita transforma la obra<\/strong>.<\/p>\n\n\n\n<p>\u201cH\u00cdBRIDA\u201d est\u00e1 compuesta por tres piezas interconectadas \u2014<em>Reflejo Abierto<\/em>,&nbsp;<em>Mec\u00e1nica del Tacto<\/em>&nbsp;and&nbsp;<em>Orilla<\/em>\u2014 que dialogan entre s\u00ed dentro de una misma estructura espacial, un icosaedro que funciona como dispositivo esc\u00e9nico y contenedor simb\u00f3lico. Cada pieza explora una dimensi\u00f3n distinta del v\u00ednculo entre cuerpo y tecnolog\u00eda, pero todas comparten un mismo principio:&nbsp;<strong>disolver los l\u00edmites del cuerpo para crear encuentros entre lo humano, lo artificial y los paisajes que habitamos<\/strong>.<\/p>\n\n\n\n<figure class=\"wp-block-image\"><img decoding=\"async\" src=\"https:\/\/assets.ondapress.com\/sabescl\/2025\/06\/captura-de-pantalla-2025-06-1750861542-1024x1024.jpg\" alt=\"\" class=\"wp-image-575008\"\/><\/figure>\n\n\n\n<h2 class=\"wp-block-heading\">Lanzan &#8220;H\u00cdBRIDA&#8221;, nueva experiencia inmersiva en Balmaceda Arte Joven en Concepci\u00f3n<\/h2>\n\n\n\n<p>En&nbsp;<em>Reflejo Abierto<\/em>, la artista utiliza c\u00e1maras en vivo y videoperformances registradas en humedales y cuerpos de agua del Gran Concepci\u00f3n para disolver la imagen del visitante en paisajes en movimiento. En&nbsp;<em>Mec\u00e1nica del Tacto<\/em>, la experiencia se vuelve h\u00e1ptica y sonora: cuencos de agua reaccionan al contacto del p\u00fablico, activando paisajes ac\u00fasticos formados por respiraciones, grabaciones de campo y texturas digitales. Finalmente,&nbsp;<em>Orilla<\/em>&nbsp;introduce un brazo rob\u00f3tico que repite gestos inspirados en el movimiento humano, en una coreograf\u00eda que tensiona las fronteras entre cuerpo vivo y m\u00e1quina.<\/p>\n\n\n\n<p>\u201cLa idea no es ilustrar la relaci\u00f3n entre cuerpo y m\u00e1quina, sino tensionarla. Me interesa c\u00f3mo lo tecnol\u00f3gico se vuelve org\u00e1nico, c\u00f3mo se transforma en un medio para recordar el paisaje y sus fragilidades\u201d, explica Bernasconi respecto a &#8220;H\u00cdBRIDA&#8221;, la experiencia inmersiva que se lanza esta semana en Concepci\u00f3n.<\/p>\n\n\n\n<figure class=\"wp-block-image\"><img decoding=\"async\" src=\"https:\/\/assets.ondapress.com\/sabescl\/2025\/06\/copia-de-dsc06269-hibrida-pe1750861716-1024x1024.jpg\" alt=\"\" class=\"wp-image-575010\"\/><\/figure>\n\n\n\n<h2 class=\"wp-block-heading\">Una artista de Concepci\u00f3n en expansi\u00f3n<\/h2>\n\n\n\n<p><a href=\"https:\/\/www.instagram.com\/sofibernasconi\/\">Sof\u00eda Bernasconi Le Roy<\/a>&nbsp;(1994) titulada en Producci\u00f3n Visual de la Universidad de Concepci\u00f3n (2022), con un post\u00edtulo en Gesti\u00f3n Cultural y Pr\u00e1cticas Curatoriales de la Universidad de Chile (2024), y un diplomado en Direcci\u00f3n de Cine (2023), ha desarrollado una carrera activa y multifac\u00e9tica.&nbsp;<\/p>\n\n\n\n<p>Su obra se centra en el cruce entre cuerpo, tecnolog\u00eda y territorio, con una mirada transdisciplinaria que dialoga con autoras y autores como Donna Haraway, Sof\u00eda Ar\u00e9valo y Jean-Luc Nancy. Trabaja en formatos como el videoarte, la videoinstalaci\u00f3n y los nuevos medios, explorando definiciones contempor\u00e1neas del cuerpo desde una perspectiva cr\u00edtica y experimental.<\/p>\n\n\n\n<p>Ha exhibido en espacios como el MAVI, la Pinacoteca de Concepci\u00f3n, Galer\u00eda Aura, Casa de Salud y Balmaceda Arte Joven, y ha participado en ferias como la FAC Biob\u00edo y la Feria Birregional de Artes Visuales UBB. Fue curadora de Galer\u00eda Aura durante 2022 y 2023, destacando su trabajo con artistas emergentes y pr\u00e1cticas h\u00edbridas.<\/p>\n\n\n\n<p>En 2020 recibi\u00f3 el&nbsp;<strong>Premio Ceres<\/strong>&nbsp;en Ficci\u00f3n Audiovisual con el cortometraje&nbsp;<em>Unravel<\/em>, y en 2023 fue seleccionada para el&nbsp;<strong>Premio MAVI Arte Joven UC<\/strong>&nbsp;con su obra&nbsp;<em>We also are a curtain of strings<\/em>. Fue reconocida como Mujer destacada en Artes Visuales 2024 por la Municipalidad de Concepci\u00f3n.<\/p>\n\n\n\n<p>\u201cH\u00cdBRIDA propone un entorno poroso que reacciona a quien lo recorre. No se trata solo de mirar, sino de entrar en relaci\u00f3n\u201d, comenta Bernasconi sobre su propuesta.<\/p>\n\n\n\n<p>La exposici\u00f3n forma parte de la programaci\u00f3n de artes visuales en la Galer\u00eda Activa de Balmaceda Arte Joven Biob\u00edo, y es una invitaci\u00f3n a repensar los v\u00ednculos entre nuestros cuerpos, el paisaje y las m\u00e1quinas que habitamos y nos habitan.&nbsp;<strong>La muestra podr\u00e1 ser visitada de forma gratuita hasta el 17 de julio, de lunes a viernes, entre las 10:30 y las 19:00 horas.<\/strong><\/p>\n\n\n\n<figure class=\"wp-block-image\"><img decoding=\"async\" src=\"https:\/\/assets.ondapress.com\/sabescl\/2025\/06\/copia-de-dsc06367-hibrida-pe1750862689-1024x1024.jpg\" alt=\"\" class=\"wp-image-575019\"\/><\/figure>\n\n\n\n<p><strong>Cr\u00e9ditos<\/strong><br>Direcci\u00f3n general: Sof\u00eda Bernasconi Le Roy<br>Performer: Sof\u00eda Bernasconi Le Roy<br>Asistencia y asesor\u00eda esc\u00e9nica: Rena Bugueiro<br>Asesor\u00eda tecnol\u00f3gica: Mano Armada, Esteban Henr\u00edquez&nbsp;<br>Registros audiovisuales: Viviana Milla, NYVA Vainilla, Daniel Aguayo<br>Postproducci\u00f3n audiovisual: Sof\u00eda Bernasconi Le Roy<br>Dise\u00f1o y registros sonoros: Gustavo Bustos Mendoza<br>Asesor\u00eda creativa: Joan Soto<br>Comunicaciones: Antonia Az\u00f3car<br>Dise\u00f1o gr\u00e1fico: Concepto Estudio<br>Ilustraciones dossier: NYVA Vainilla<br>Dise\u00f1o y construcci\u00f3n: Joan Soto, Metalcraft Arauco, Joaqu\u00edn Bazaes<\/p>\n\n\n\n<p><\/p>\n\n\n\n<p><a href=\"https:\/\/sabes.cl\/2025\/06\/25\/hibrida-una-experiencia-inmersiva-unica-en-concepcion-que-mezcla-cuerpo-paisaje-y-tecnologia\">https:\/\/sabes.cl\/2025\/06\/25\/hibrida-una-experiencia-inmersiva-unica-en-concepcion-que-mezcla-cuerpo-paisaje-y-tecnologia<\/a><\/p>","protected":false},"excerpt":{"rendered":"<p>La artista penquista Sof\u00eda Bernasconi Le Roy presenta su nueva videoinstalaci\u00f3n perform\u00e1tica en Balmaceda Arte Joven Biob\u00edo. Por |&nbsp;mi\u00e9rcoles 25 junio 2025 &#8211; 10:39 Desde el jueves 26 de junio a las 18:30 hrs, la sede Biob\u00edo de&nbsp;Balmaceda Arte Joven&nbsp;(Colo\u2011Colo [&hellip;]<\/p>","protected":false},"author":1,"featured_media":11297,"comment_status":"open","ping_status":"open","sticky":false,"template":"","format":"standard","meta":{"footnotes":""},"categories":[1],"tags":[],"class_list":["post-11296","post","type-post","status-publish","format-standard","has-post-thumbnail","hentry","category-uncategorized"],"_links":{"self":[{"href":"https:\/\/sofiabernasconi.com\/en\/wp-json\/wp\/v2\/posts\/11296","targetHints":{"allow":["GET"]}}],"collection":[{"href":"https:\/\/sofiabernasconi.com\/en\/wp-json\/wp\/v2\/posts"}],"about":[{"href":"https:\/\/sofiabernasconi.com\/en\/wp-json\/wp\/v2\/types\/post"}],"author":[{"embeddable":true,"href":"https:\/\/sofiabernasconi.com\/en\/wp-json\/wp\/v2\/users\/1"}],"replies":[{"embeddable":true,"href":"https:\/\/sofiabernasconi.com\/en\/wp-json\/wp\/v2\/comments?post=11296"}],"version-history":[{"count":4,"href":"https:\/\/sofiabernasconi.com\/en\/wp-json\/wp\/v2\/posts\/11296\/revisions"}],"predecessor-version":[{"id":11302,"href":"https:\/\/sofiabernasconi.com\/en\/wp-json\/wp\/v2\/posts\/11296\/revisions\/11302"}],"wp:featuredmedia":[{"embeddable":true,"href":"https:\/\/sofiabernasconi.com\/en\/wp-json\/wp\/v2\/media\/11297"}],"wp:attachment":[{"href":"https:\/\/sofiabernasconi.com\/en\/wp-json\/wp\/v2\/media?parent=11296"}],"wp:term":[{"taxonomy":"category","embeddable":true,"href":"https:\/\/sofiabernasconi.com\/en\/wp-json\/wp\/v2\/categories?post=11296"},{"taxonomy":"post_tag","embeddable":true,"href":"https:\/\/sofiabernasconi.com\/en\/wp-json\/wp\/v2\/tags?post=11296"}],"curies":[{"name":"wp","href":"https:\/\/api.w.org\/{rel}","templated":true}]}}