{"id":11282,"date":"2025-06-29T22:26:49","date_gmt":"2025-06-29T22:26:49","guid":{"rendered":"https:\/\/sofiabernasconi.com\/?p=11282"},"modified":"2025-06-29T23:03:11","modified_gmt":"2025-06-29T23:03:11","slug":"sofia-bernasconi-llega-a-baj-biobio-con-su-videoinstalacion-performatica","status":"publish","type":"post","link":"https:\/\/sofiabernasconi.com\/en\/sofia-bernasconi-llega-a-baj-biobio-con-su-videoinstalacion-performatica\/","title":{"rendered":"Sof\u00eda Bernasconi llega a BAJ Biob\u00edo con su videoinstalaci\u00f3n perform\u00e1tica &#8211; Diario El Sur"},"content":{"rendered":"<p>\n\n\n<p class=\"has-text-align-center\"><\/p>\n\n\n\n\n\n<h1 class=\"wp-block-heading\">Desde el 26 de junio<\/h1>\n\n\n\n<h2 class=\"wp-block-heading\">Sof\u00eda Bernasconi llega a BAJ Biob\u00edo con su videoinstalaci\u00f3n perform\u00e1tica<\/h2>\n\n\n\n<p>Por Nicol\u00e1s Mart\u00ednez Ram\u00edrez<br><strong><a>espectaculos@elsur.cl<\/a><\/strong><\/p>\n\n\n\n<p>Cuerpo, paisaje y m\u00e1quina. Sof\u00eda Bernasconi ha hecho del performance y la videoinstalaci\u00f3n sus grandes formas de expresi\u00f3n.<\/p>\n\n\n\n<p>Es as\u00ed que \u201cH\u00edbrida: cuerpos y tecnolog\u00edas en el icosaedro\u201d, una videoinstalaci\u00f3n perform\u00e1tica, llegar\u00e1 hasta la Galer\u00eda de Balmaceda Arte Joven Biob\u00edo (Colo Colo 1855, Concepci\u00f3n).<\/p>\n\n\n\n<p>La muestra, que abrir\u00e1 el 26 de junio a las 18.30 horas, propone una exploraci\u00f3n interactiva en torno al cruce entre cuerpo, paisaje, tecnolog\u00eda, imagen en movimiento, programaci\u00f3n interactiva, dise\u00f1o sonoro, la arquitectura y la ingenier\u00eda mec\u00e1nica.<\/p>\n\n\n\n<p>A trav\u00e9s de un recorrido interactivo, el p\u00fablico es invitado a activar im\u00e1genes, sonidos y movimientos, generando un espacio de juego y experimentaci\u00f3n donde cada visita transforma la obra.<\/p>\n\n\n\n<p>Seg\u00fan se\u00f1ala la artista, \u201cH\u00edbrida\u201d surgi\u00f3 en 2022 como una primera versi\u00f3n, digamos as\u00ed que fallida. \u201cUna videoinstalaci\u00f3n donde performaban pl\u00e1stico y envuelve en locaciones espec\u00edficas vinculadas a sitios hidrogr\u00e1ficos de Concepci\u00f3n\u201d.<\/p>\n\n\n\n<p>\u201cHa sido un proceso s\u00faper largo, despu\u00e9s de esa primera videoinstalaci\u00f3n con esa performance de pl\u00e1sticos, trabaj\u00e9 en un gui\u00f3n de obra que tard\u00e9 un a\u00f1o en desarrollar y reci\u00e9n ahora lo estoy montando\u201d, precis\u00f3.<\/p>\n\n\n\n<p>Un hito que, seg\u00fan puntualiza la propia artista, marca un proceso de desarrollo personal de larga data. \u201cYo llevo varios a\u00f1os investigando c\u00f3mo se mueven los cuerpos de actores o bailarines para mis investigaciones y lleg\u00f3 un punto en que me cuestion\u00e9 si pod\u00eda simplemente disponer mi propio cuerpo sin necesitar a disposici\u00f3n un propio cuerpo\u201d, puntualiz\u00f3.<\/p>\n\n\n\n<p>Son tres cuerpos, son, particularmente, una de las \u00e1reas de inter\u00e9s de la tambi\u00e9n titulada en Producci\u00f3n Musical UCdeC, siempre con la idea de ahondar m\u00e1s y vincular los usos de la tecnolog\u00eda.<\/p>\n\n\n\n<p>\u201cYo no quer\u00eda limitar y premiar pensar los cuerpos anclados en la tecnolog\u00eda y en formas tan estereotipadas que se ven en el mundo de la danza, del arte y de las artes esc\u00e9nicas\u201d, afirm\u00f3.<\/p>\n\n\n\n<p>La puesta en escena est\u00e1 compuesta por tres piezas interconectadas: \u201cMec\u00e1nica del Tacto\u201d, \u201cTacto\u201d y \u201cOrilla\u201d.<\/p>\n\n\n\n<p>En \u201cMec\u00e1nica del Tacto\u201d, la performance vuelve h\u00e1ptica y sonora un cuerpo pl\u00e1stico en contacto con el agua e incluye al contacto del p\u00fablico, activaci\u00f3n del paisaje ac\u00fastico formado por registros, grabaciones de campo y texturas digitales.<\/p>\n\n\n\n<p>Finalmente, \u201cOrilla\u201d introduce un brazo rob\u00f3tico que repite gestos inspirados en el movimiento humano, en una coreograf\u00eda que tensiona las fronteras entre cuerpo vivo y m\u00e1quina.<\/p>\n\n\n\n<p>\u201cSiempre fue pensado as\u00ed, una de las cosas que le cruza es que demarc\u00f3 la performance en los sitios que fueron ubicados en sitios espec\u00edficos que fueron en la Laguna Grande, el r\u00edo Biob\u00edo y el humedal Vasco Da Gama. Es la triangulaci\u00f3n que se genera en el mapa, esos tres puntos son los que se abordan\u201d, explic\u00f3.<\/p>\n\n\n\n<p>Precisamente, esos tres espacios p\u00fablicos son los que conforman las videoperformances de la obra.<\/p>\n\n\n\n<p>\u201cLlev\u00f3 mucho tiempo ensayando y trabajando mi propio cuerpo, me cost\u00f3 pensar que existe un gran espacio para la creatividad y la libertad humana en pensar en nuestros cuerpos expandidos en la tecnolog\u00eda\u201d, coment\u00f3.<\/p>\n\n\n\n<blockquote class=\"wp-block-quote is-layout-flow wp-block-quote-is-layout-flow\">\n<p>\u201cEn existencia tecnol\u00f3gica, quiero pensar que existe un gran espacio para la creatividad y libertad humana en pensar en nuestros cuerpos expandidos en la tecnolog\u00eda\u201d<br>Sof\u00eda Bernasconi, artista y creadora de \u201cH\u00edbrida\u201d<\/p>\n<\/blockquote>\n\n\n\n<p><\/p>","protected":false},"excerpt":{"rendered":"<p>Desde el 26 de junio Sof\u00eda Bernasconi llega a BAJ Biob\u00edo con su videoinstalaci\u00f3n perform\u00e1tica Por Nicol\u00e1s Mart\u00ednez Ram\u00edrezespectaculos@elsur.cl Cuerpo, paisaje y m\u00e1quina. Sof\u00eda Bernasconi ha hecho del performance y la videoinstalaci\u00f3n sus grandes formas de expresi\u00f3n. Es as\u00ed que [&hellip;]<\/p>","protected":false},"author":1,"featured_media":11284,"comment_status":"open","ping_status":"open","sticky":false,"template":"","format":"standard","meta":{"footnotes":""},"categories":[80],"tags":[],"class_list":["post-11282","post","type-post","status-publish","format-standard","has-post-thumbnail","hentry","category-cultura"],"_links":{"self":[{"href":"https:\/\/sofiabernasconi.com\/en\/wp-json\/wp\/v2\/posts\/11282","targetHints":{"allow":["GET"]}}],"collection":[{"href":"https:\/\/sofiabernasconi.com\/en\/wp-json\/wp\/v2\/posts"}],"about":[{"href":"https:\/\/sofiabernasconi.com\/en\/wp-json\/wp\/v2\/types\/post"}],"author":[{"embeddable":true,"href":"https:\/\/sofiabernasconi.com\/en\/wp-json\/wp\/v2\/users\/1"}],"replies":[{"embeddable":true,"href":"https:\/\/sofiabernasconi.com\/en\/wp-json\/wp\/v2\/comments?post=11282"}],"version-history":[{"count":3,"href":"https:\/\/sofiabernasconi.com\/en\/wp-json\/wp\/v2\/posts\/11282\/revisions"}],"predecessor-version":[{"id":11304,"href":"https:\/\/sofiabernasconi.com\/en\/wp-json\/wp\/v2\/posts\/11282\/revisions\/11304"}],"wp:featuredmedia":[{"embeddable":true,"href":"https:\/\/sofiabernasconi.com\/en\/wp-json\/wp\/v2\/media\/11284"}],"wp:attachment":[{"href":"https:\/\/sofiabernasconi.com\/en\/wp-json\/wp\/v2\/media?parent=11282"}],"wp:term":[{"taxonomy":"category","embeddable":true,"href":"https:\/\/sofiabernasconi.com\/en\/wp-json\/wp\/v2\/categories?post=11282"},{"taxonomy":"post_tag","embeddable":true,"href":"https:\/\/sofiabernasconi.com\/en\/wp-json\/wp\/v2\/tags?post=11282"}],"curies":[{"name":"wp","href":"https:\/\/api.w.org\/{rel}","templated":true}]}}