{"id":106,"date":"2022-10-05T15:59:00","date_gmt":"2022-10-05T15:59:00","guid":{"rendered":"https:\/\/remake.codeless.co\/?p=106"},"modified":"2023-08-04T16:02:11","modified_gmt":"2023-08-04T16:02:11","slug":"exposicion-desfase-experiencias-liminales-llega-a-la-casa-del-arte-2022","status":"publish","type":"post","link":"https:\/\/sofiabernasconi.com\/en\/exposicion-desfase-experiencias-liminales-llega-a-la-casa-del-arte-2022\/","title":{"rendered":"Exhibition \"Desfase: Experiencias liminales\" arrives at Casa del Arte (2022)"},"content":{"rendered":"<div data-elementor-type=\"wp-post\" data-elementor-id=\"106\" class=\"elementor elementor-106\">\n\t\t\t\t\t\t\t\t\t<section class=\"elementor-section elementor-top-section elementor-element elementor-element-4ce094dc elementor-section-boxed elementor-section-height-default elementor-section-height-default\" data-id=\"4ce094dc\" data-element_type=\"section\">\n\t\t\t\t\t\t<div class=\"elementor-container elementor-column-gap-default\">\n\t\t\t\t\t<div class=\"elementor-column elementor-col-100 elementor-top-column elementor-element elementor-element-78711c1e\" data-id=\"78711c1e\" data-element_type=\"column\">\n\t\t\t<div class=\"elementor-widget-wrap elementor-element-populated\">\n\t\t\t\t\t\t\t\t<div class=\"elementor-element elementor-element-3afd1e5 elementor-widget__width-initial elementor-widget elementor-widget-text-editor\" data-id=\"3afd1e5\" data-element_type=\"widget\" data-widget_type=\"text-editor.default\">\n\t\t\t\t<div class=\"elementor-widget-container\">\n\t\t\t<style>\/*! elementor - v3.15.0 - 31-07-2023 *\/\n.elementor-widget-text-editor.elementor-drop-cap-view-stacked .elementor-drop-cap{background-color:#69727d;color:#fff}.elementor-widget-text-editor.elementor-drop-cap-view-framed .elementor-drop-cap{color:#69727d;border:3px solid;background-color:transparent}.elementor-widget-text-editor:not(.elementor-drop-cap-view-default) .elementor-drop-cap{margin-top:8px}.elementor-widget-text-editor:not(.elementor-drop-cap-view-default) .elementor-drop-cap-letter{width:1em;height:1em}.elementor-widget-text-editor .elementor-drop-cap{float:left;text-align:center;line-height:1;font-size:50px}.elementor-widget-text-editor .elementor-drop-cap-letter{display:inline-block}<\/style>\t\t\t\t<p>Ana\u00eds Rena, Estefan\u00eda Suazo, <b>Sof\u00eda Bernasconi<\/b>, Victoria Dur\u00e1n, Gabriel Pradenas, Joaqu\u00edn Bazaes, Ninoska N\u00fa\u00f1ez y Nyva Vainilla, <strong>alumni of the Visual Production Degree, present \"Desfase\" as a set of artistic projects with which they graduated from their career.<\/strong> They detail that the creative exercises cover various themes, languages and techniques, and are exhibited as a result of the process that each member experienced throughout their last year, culminating in this group exhibition.<\/p><p>The exhibition features works that comprise <strong>diverse languages: installations that range from textile, photography, video and mapping, as well as graphic narratives that cross disciplines such as comics, digital animation and chronicles.<\/strong> All of these act as a dynamic reaction of constructive adaptation, subject to intimate and everyday problems that inhabit and move between consciousness, territory, story, temporality and memory of each of the members.\u00a0<\/p><p>As a result of the social outbreak and pandemic, as they explain as a collective, their studies were forced to be completed remotely and their exhibition opportunities were limited to digital format. \"Desfase\" marks their first exhibition in a consolidated space for the Arts.<\/p><p>\u201c<strong>It allows us to return to face-to-face work after years of creative processes by video call.<\/strong> This is a great and motivating challenge that has demanded us to materialize works that were conceived from virtuality and that will now be exhibited to the public\", mentioned the collective.<\/p><p><strong>\u201cDesfase: Experiencias liminales\u201d<\/strong>, by former students of the Visual Production Degree, will be on display at <strong>la Casa del Arte UdeC<\/strong> until October 30.<\/p>\t\t\t\t\t\t<\/div>\n\t\t\t\t<\/div>\n\t\t\t\t<div class=\"elementor-element elementor-element-395a9e8 elementor-widget elementor-widget-text-editor\" data-id=\"395a9e8\" data-element_type=\"widget\" data-widget_type=\"text-editor.default\">\n\t\t\t\t<div class=\"elementor-widget-container\">\n\t\t\t\t\t\t\t<p><a href=\"https:\/\/noticias.udec.cl\/exposicion-desfase-experiencias-liminales-llega-a-la-casa-del-arte\/\" target=\"_blank\" rel=\"noopener\">LINK TO THE ORIGINAL ARTICLE HERE.<\/a><\/p>\t\t\t\t\t\t<\/div>\n\t\t\t\t<\/div>\n\t\t\t\t\t<\/div>\n\t\t<\/div>\n\t\t\t\t\t\t\t<\/div>\n\t\t<\/section>\n\t\t\t\t\t\t\t<\/div>","protected":false},"excerpt":{"rendered":"<p>El pasado jueves 29 de septiembre fue inaugurada en la Casa del Arte UdeC, \u201cDesfase: Experiencias liminales\u201d, una exposici\u00f3n de artistas del T\u00edtulo en Producci\u00f3n Visual 2021 de la Universidad de Concepci\u00f3n, y que est\u00e1 siendo presentada en la Sala 3 de manera gratuita.<\/p>","protected":false},"author":1,"featured_media":6229,"comment_status":"closed","ping_status":"open","sticky":false,"template":"","format":"standard","meta":{"footnotes":""},"categories":[80],"tags":[81,82],"class_list":["post-106","post","type-post","status-publish","format-standard","has-post-thumbnail","hentry","category-cultura","tag-ejemplo","tag-ejemplo-2"],"_links":{"self":[{"href":"https:\/\/sofiabernasconi.com\/en\/wp-json\/wp\/v2\/posts\/106","targetHints":{"allow":["GET"]}}],"collection":[{"href":"https:\/\/sofiabernasconi.com\/en\/wp-json\/wp\/v2\/posts"}],"about":[{"href":"https:\/\/sofiabernasconi.com\/en\/wp-json\/wp\/v2\/types\/post"}],"author":[{"embeddable":true,"href":"https:\/\/sofiabernasconi.com\/en\/wp-json\/wp\/v2\/users\/1"}],"replies":[{"embeddable":true,"href":"https:\/\/sofiabernasconi.com\/en\/wp-json\/wp\/v2\/comments?post=106"}],"version-history":[{"count":35,"href":"https:\/\/sofiabernasconi.com\/en\/wp-json\/wp\/v2\/posts\/106\/revisions"}],"predecessor-version":[{"id":7839,"href":"https:\/\/sofiabernasconi.com\/en\/wp-json\/wp\/v2\/posts\/106\/revisions\/7839"}],"wp:featuredmedia":[{"embeddable":true,"href":"https:\/\/sofiabernasconi.com\/en\/wp-json\/wp\/v2\/media\/6229"}],"wp:attachment":[{"href":"https:\/\/sofiabernasconi.com\/en\/wp-json\/wp\/v2\/media?parent=106"}],"wp:term":[{"taxonomy":"category","embeddable":true,"href":"https:\/\/sofiabernasconi.com\/en\/wp-json\/wp\/v2\/categories?post=106"},{"taxonomy":"post_tag","embeddable":true,"href":"https:\/\/sofiabernasconi.com\/en\/wp-json\/wp\/v2\/tags?post=106"}],"curies":[{"name":"wp","href":"https:\/\/api.w.org\/{rel}","templated":true}]}}